{"id":694,"date":"2023-12-12T17:28:05","date_gmt":"2023-12-12T16:28:05","guid":{"rendered":"https:\/\/les-meubles-orbelais.com\/?p=694"},"modified":"2023-12-12T17:29:22","modified_gmt":"2023-12-12T16:29:22","slug":"relooking-de-notre-site","status":"publish","type":"post","link":"https:\/\/les-meubles-orbelais.com\/index.php\/2023\/12\/12\/relooking-de-notre-site\/","title":{"rendered":"Relooking de notre site !"},"content":{"rendered":"\n<p>Pour mieux vous servir, nous avons proc\u00e9d\u00e9 \u00e0 un relooking de notre site, en esp\u00e9rant que sa nouvelle apparence vous plaira.<br>Nous en profitons pour vous souhaiter \u00e0 tous de passer de tr\u00e8s belles f\u00eates de fin d&rsquo;ann\u00e9e.<br>Au plaisir de votre visite ! \ud83d\ude42<\/p>\n","protected":false},"excerpt":{"rendered":"<p>Pour mieux vous servir, nous avons proc\u00e9d\u00e9 \u00e0 un relooking de notre site, en esp\u00e9rant que sa nouvelle apparence vous plaira.Nous en profitons pour vous souhaiter \u00e0 tous de passer de tr\u00e8s belles f\u00eates de fin d&rsquo;ann\u00e9e.Au plaisir de votre visite ! \ud83d\ude42<\/p>\n","protected":false},"author":1,"featured_media":0,"comment_status":"closed","ping_status":"open","sticky":false,"template":"","format":"standard","meta":{"footnotes":""},"categories":[4],"tags":[31,30,29],"class_list":["post-694","post","type-post","status-publish","format-standard","hentry","category-news","tag-31","tag-fetes","tag-renovation"],"yoast_head":"<!-- This site is optimized with the Yoast SEO plugin v21.9 - https:\/\/yoast.com\/wordpress\/plugins\/seo\/ -->\n<title>Relooking de notre site ! - Les Meubl\u00e9s Orbelais<\/title>\n<meta name=\"description\" content=\"Un rafraichissement d&#039;apparence pour notre site.\" \/>\n<meta name=\"robots\" content=\"index, follow, max-snippet:-1, max-image-preview:large, max-video-preview:-1\" \/>\n<link rel=\"canonical\" href=\"https:\/\/les-meubles-orbelais.com\/index.php\/2023\/12\/12\/relooking-de-notre-site\/\" \/>\n<meta property=\"og:locale\" content=\"fr_FR\" \/>\n<meta property=\"og:type\" content=\"article\" \/>\n<meta property=\"og:title\" content=\"Relooking de notre site ! - Les Meubl\u00e9s Orbelais\" \/>\n<meta property=\"og:description\" content=\"Un rafraichissement d&#039;apparence pour notre site.\" \/>\n<meta property=\"og:url\" content=\"https:\/\/les-meubles-orbelais.com\/index.php\/2023\/12\/12\/relooking-de-notre-site\/\" \/>\n<meta property=\"og:site_name\" content=\"Les Meubl\u00e9s Orbelais\" \/>\n<meta property=\"article:published_time\" content=\"2023-12-12T16:28:05+00:00\" \/>\n<meta property=\"article:modified_time\" content=\"2023-12-12T16:29:22+00:00\" \/>\n<meta name=\"author\" content=\"Alex\" \/>\n<meta name=\"twitter:card\" content=\"summary_large_image\" \/>\n<meta name=\"twitter:label1\" content=\"\u00c9crit par\" \/>\n\t<meta name=\"twitter:data1\" content=\"Alex\" \/>\n\t<meta name=\"twitter:label2\" content=\"Dur\u00e9e de lecture estim\u00e9e\" \/>\n\t<meta name=\"twitter:data2\" content=\"1 minute\" \/>\n<script type=\"application\/ld+json\" class=\"yoast-schema-graph\">{\"@context\":\"https:\/\/schema.org\",\"@graph\":[{\"@type\":\"WebPage\",\"@id\":\"https:\/\/les-meubles-orbelais.com\/index.php\/2023\/12\/12\/relooking-de-notre-site\/\",\"url\":\"https:\/\/les-meubles-orbelais.com\/index.php\/2023\/12\/12\/relooking-de-notre-site\/\",\"name\":\"Relooking de notre site ! - Les Meubl\u00e9s Orbelais\",\"isPartOf\":{\"@id\":\"https:\/\/les-meubles-orbelais.com\/#website\"},\"datePublished\":\"2023-12-12T16:28:05+00:00\",\"dateModified\":\"2023-12-12T16:29:22+00:00\",\"author\":{\"@id\":\"https:\/\/les-meubles-orbelais.com\/#\/schema\/person\/87b78dd1054b3db008b2951416a999c0\"},\"description\":\"Un rafraichissement d'apparence pour notre site.\",\"breadcrumb\":{\"@id\":\"https:\/\/les-meubles-orbelais.com\/index.php\/2023\/12\/12\/relooking-de-notre-site\/#breadcrumb\"},\"inLanguage\":\"fr-FR\",\"potentialAction\":[{\"@type\":\"ReadAction\",\"target\":[\"https:\/\/les-meubles-orbelais.com\/index.php\/2023\/12\/12\/relooking-de-notre-site\/\"]}]},{\"@type\":\"BreadcrumbList\",\"@id\":\"https:\/\/les-meubles-orbelais.com\/index.php\/2023\/12\/12\/relooking-de-notre-site\/#breadcrumb\",\"itemListElement\":[{\"@type\":\"ListItem\",\"position\":1,\"name\":\"Accueil\",\"item\":\"https:\/\/les-meubles-orbelais.com\/\"},{\"@type\":\"ListItem\",\"position\":2,\"name\":\"Relooking de notre site !\"}]},{\"@type\":\"WebSite\",\"@id\":\"https:\/\/les-meubles-orbelais.com\/#website\",\"url\":\"https:\/\/les-meubles-orbelais.com\/\",\"name\":\"Les-Meubl\u00e9s-Orbelais\",\"description\":\"Un seul site pour nos trois g\u00eetes orbelais.\",\"potentialAction\":[{\"@type\":\"SearchAction\",\"target\":{\"@type\":\"EntryPoint\",\"urlTemplate\":\"https:\/\/les-meubles-orbelais.com\/?s={search_term_string}\"},\"query-input\":\"required name=search_term_string\"}],\"inLanguage\":\"fr-FR\"},{\"@type\":\"Person\",\"@id\":\"https:\/\/les-meubles-orbelais.com\/#\/schema\/person\/87b78dd1054b3db008b2951416a999c0\",\"name\":\"Alex\",\"image\":{\"@type\":\"ImageObject\",\"inLanguage\":\"fr-FR\",\"@id\":\"https:\/\/les-meubles-orbelais.com\/#\/schema\/person\/image\/\",\"url\":\"https:\/\/secure.gravatar.com\/avatar\/d6cd5aeb6cdeb83ddd7ec1c997307a23d3667e16346da43f82441e0d884a1cc6?s=96&d=mm&r=g\",\"contentUrl\":\"https:\/\/secure.gravatar.com\/avatar\/d6cd5aeb6cdeb83ddd7ec1c997307a23d3667e16346da43f82441e0d884a1cc6?s=96&d=mm&r=g\",\"caption\":\"Alex\"},\"sameAs\":[\"http:\/\/les-meubles-orbelais.com\"],\"url\":\"https:\/\/les-meubles-orbelais.com\/index.php\/author\/admin8074\/\"}]}<\/script>\n<!-- \/ Yoast SEO plugin. -->","yoast_head_json":{"title":"Relooking de notre site ! - Les Meubl\u00e9s Orbelais","description":"Un rafraichissement d'apparence pour notre site.","robots":{"index":"index","follow":"follow","max-snippet":"max-snippet:-1","max-image-preview":"max-image-preview:large","max-video-preview":"max-video-preview:-1"},"canonical":"https:\/\/les-meubles-orbelais.com\/index.php\/2023\/12\/12\/relooking-de-notre-site\/","og_locale":"fr_FR","og_type":"article","og_title":"Relooking de notre site ! - Les Meubl\u00e9s Orbelais","og_description":"Un rafraichissement d'apparence pour notre site.","og_url":"https:\/\/les-meubles-orbelais.com\/index.php\/2023\/12\/12\/relooking-de-notre-site\/","og_site_name":"Les Meubl\u00e9s Orbelais","article_published_time":"2023-12-12T16:28:05+00:00","article_modified_time":"2023-12-12T16:29:22+00:00","author":"Alex","twitter_card":"summary_large_image","twitter_misc":{"\u00c9crit par":"Alex","Dur\u00e9e de lecture estim\u00e9e":"1 minute"},"schema":{"@context":"https:\/\/schema.org","@graph":[{"@type":"WebPage","@id":"https:\/\/les-meubles-orbelais.com\/index.php\/2023\/12\/12\/relooking-de-notre-site\/","url":"https:\/\/les-meubles-orbelais.com\/index.php\/2023\/12\/12\/relooking-de-notre-site\/","name":"Relooking de notre site ! - Les Meubl\u00e9s Orbelais","isPartOf":{"@id":"https:\/\/les-meubles-orbelais.com\/#website"},"datePublished":"2023-12-12T16:28:05+00:00","dateModified":"2023-12-12T16:29:22+00:00","author":{"@id":"https:\/\/les-meubles-orbelais.com\/#\/schema\/person\/87b78dd1054b3db008b2951416a999c0"},"description":"Un rafraichissement d'apparence pour notre site.","breadcrumb":{"@id":"https:\/\/les-meubles-orbelais.com\/index.php\/2023\/12\/12\/relooking-de-notre-site\/#breadcrumb"},"inLanguage":"fr-FR","potentialAction":[{"@type":"ReadAction","target":["https:\/\/les-meubles-orbelais.com\/index.php\/2023\/12\/12\/relooking-de-notre-site\/"]}]},{"@type":"BreadcrumbList","@id":"https:\/\/les-meubles-orbelais.com\/index.php\/2023\/12\/12\/relooking-de-notre-site\/#breadcrumb","itemListElement":[{"@type":"ListItem","position":1,"name":"Accueil","item":"https:\/\/les-meubles-orbelais.com\/"},{"@type":"ListItem","position":2,"name":"Relooking de notre site !"}]},{"@type":"WebSite","@id":"https:\/\/les-meubles-orbelais.com\/#website","url":"https:\/\/les-meubles-orbelais.com\/","name":"Les-Meubl\u00e9s-Orbelais","description":"Un seul site pour nos trois g\u00eetes orbelais.","potentialAction":[{"@type":"SearchAction","target":{"@type":"EntryPoint","urlTemplate":"https:\/\/les-meubles-orbelais.com\/?s={search_term_string}"},"query-input":"required name=search_term_string"}],"inLanguage":"fr-FR"},{"@type":"Person","@id":"https:\/\/les-meubles-orbelais.com\/#\/schema\/person\/87b78dd1054b3db008b2951416a999c0","name":"Alex","image":{"@type":"ImageObject","inLanguage":"fr-FR","@id":"https:\/\/les-meubles-orbelais.com\/#\/schema\/person\/image\/","url":"https:\/\/secure.gravatar.com\/avatar\/d6cd5aeb6cdeb83ddd7ec1c997307a23d3667e16346da43f82441e0d884a1cc6?s=96&d=mm&r=g","contentUrl":"https:\/\/secure.gravatar.com\/avatar\/d6cd5aeb6cdeb83ddd7ec1c997307a23d3667e16346da43f82441e0d884a1cc6?s=96&d=mm&r=g","caption":"Alex"},"sameAs":["http:\/\/les-meubles-orbelais.com"],"url":"https:\/\/les-meubles-orbelais.com\/index.php\/author\/admin8074\/"}]}},"_links":{"self":[{"href":"https:\/\/les-meubles-orbelais.com\/index.php\/wp-json\/wp\/v2\/posts\/694","targetHints":{"allow":["GET"]}}],"collection":[{"href":"https:\/\/les-meubles-orbelais.com\/index.php\/wp-json\/wp\/v2\/posts"}],"about":[{"href":"https:\/\/les-meubles-orbelais.com\/index.php\/wp-json\/wp\/v2\/types\/post"}],"author":[{"embeddable":true,"href":"https:\/\/les-meubles-orbelais.com\/index.php\/wp-json\/wp\/v2\/users\/1"}],"replies":[{"embeddable":true,"href":"https:\/\/les-meubles-orbelais.com\/index.php\/wp-json\/wp\/v2\/comments?post=694"}],"version-history":[{"count":4,"href":"https:\/\/les-meubles-orbelais.com\/index.php\/wp-json\/wp\/v2\/posts\/694\/revisions"}],"predecessor-version":[{"id":698,"href":"https:\/\/les-meubles-orbelais.com\/index.php\/wp-json\/wp\/v2\/posts\/694\/revisions\/698"}],"wp:attachment":[{"href":"https:\/\/les-meubles-orbelais.com\/index.php\/wp-json\/wp\/v2\/media?parent=694"}],"wp:term":[{"taxonomy":"category","embeddable":true,"href":"https:\/\/les-meubles-orbelais.com\/index.php\/wp-json\/wp\/v2\/categories?post=694"},{"taxonomy":"post_tag","embeddable":true,"href":"https:\/\/les-meubles-orbelais.com\/index.php\/wp-json\/wp\/v2\/tags?post=694"}],"curies":[{"name":"wp","href":"https:\/\/api.w.org\/{rel}","templated":true}]}}